{"id":246,"date":"2026-08-18T00:31:53","date_gmt":"2026-08-18T00:31:53","guid":{"rendered":"http:\/\/nepyruibera.rominacechetto.com\/?p=246"},"modified":"2026-08-28T00:50:37","modified_gmt":"2026-08-28T00:50:37","slug":"tradicion-guarani-y-gastronomia-de-campo-en-ibera","status":"publish","type":"post","link":"https:\/\/nepyruibera.rominacechetto.com\/pt\/tradicion-guarani-y-gastronomia-de-campo-en-ibera\/","title":{"rendered":"Tradi\u00e7\u00e3o Guarani e Gastronomia Correntina: Sabores do Iber\u00e1"},"content":{"rendered":"\n[et_pb_section fb_built=\u00bb1&#8243; _builder_version=\u00bb4.27.7&#8243; _module_preset=\u00bbdefault\u00bb global_colors_info=\u00bb{}\u00bb][et_pb_row column_structure=\u00bb1_4,1_4,1_4,1_4&#8243; _builder_version=\u00bb4.27.7&#8243; _module_preset=\u00bbdefault\u00bb global_colors_info=\u00bb{}\u00bb][et_pb_column type=\u00bb1_4&#8243; _builder_version=\u00bb4.27.7&#8243; _module_preset=\u00bbdefault\u00bb global_colors_info=\u00bb{}\u00bb][et_pb_image src=\u00bbhttp:\/\/nepyruibera.rominacechetto.com\/wp-content\/uploads\/2026\/08\/blog.jpg\u00bb title_text=\u00bbblog\u00bb _builder_version=\u00bb4.27.7&#8243; _module_preset=\u00bbdefault\u00bb width=\u00bb126%\u00bb max_width=\u00bb118%\u00bb min_height=\u00bb100px\u00bb height=\u00bb214px\u00bb max_height=\u00bb243px\u00bb custom_margin=\u00bb0px||||false|false\u00bb custom_padding=\u00bb0px||||false|false\u00bb border_radii=\u00bbon|9px|9px|9px|9px\u00bb border_width_all=\u00bb2px\u00bb border_color_all=\u00bb#7CDA24&#8243; global_colors_info=\u00bb{}\u00bb][\/et_pb_image][\/et_pb_column][et_pb_column type=\u00bb1_4&#8243; _builder_version=\u00bb4.27.7&#8243; _module_preset=\u00bbdefault\u00bb global_colors_info=\u00bb{}\u00bb][et_pb_image src=\u00bbhttp:\/\/nepyruibera.rominacechetto.com\/wp-content\/uploads\/2026\/08\/blog-1.jpg\u00bb title_text=\u00bbblog 1&#8243; _builder_version=\u00bb4.27.7&#8243; _module_preset=\u00bbdefault\u00bb width=\u00bb126%\u00bb max_width=\u00bb118%\u00bb min_height=\u00bb100px\u00bb height=\u00bb214px\u00bb max_height=\u00bb243px\u00bb custom_margin=\u00bb0px||||false|false\u00bb custom_padding=\u00bb0px||||false|false\u00bb border_radii=\u00bbon|9px|9px|9px|9px\u00bb border_width_all=\u00bb2px\u00bb border_color_all=\u00bb#7CDA24&#8243; global_colors_info=\u00bb{}\u00bb][\/et_pb_image][\/et_pb_column][et_pb_column type=\u00bb1_4&#8243; _builder_version=\u00bb4.27.7&#8243; _module_preset=\u00bbdefault\u00bb global_colors_info=\u00bb{}\u00bb][et_pb_image src=\u00bbhttp:\/\/nepyruibera.rominacechetto.com\/wp-content\/uploads\/2026\/08\/blog-2.jpg\u00bb title_text=\u00bbblog 2&#8243; _builder_version=\u00bb4.27.7&#8243; _module_preset=\u00bbdefault\u00bb width=\u00bb126%\u00bb max_width=\u00bb118%\u00bb min_height=\u00bb100px\u00bb height=\u00bb214px\u00bb max_height=\u00bb243px\u00bb custom_margin=\u00bb0px||||false|false\u00bb custom_padding=\u00bb0px||||false|false\u00bb border_radii=\u00bbon|9px|9px|9px|9px\u00bb border_width_all=\u00bb2px\u00bb border_color_all=\u00bb#7CDA24&#8243; global_colors_info=\u00bb{}\u00bb][\/et_pb_image][\/et_pb_column][et_pb_column type=\u00bb1_4&#8243; _builder_version=\u00bb4.27.7&#8243; _module_preset=\u00bbdefault\u00bb global_colors_info=\u00bb{}\u00bb][et_pb_image src=\u00bbhttp:\/\/nepyruibera.rominacechetto.com\/wp-content\/uploads\/2026\/08\/blog-3.jpg\u00bb title_text=\u00bbblog 3&#8243; _builder_version=\u00bb4.27.7&#8243; _module_preset=\u00bbdefault\u00bb width=\u00bb126%\u00bb max_width=\u00bb118%\u00bb min_height=\u00bb100px\u00bb height=\u00bb214px\u00bb max_height=\u00bb243px\u00bb custom_margin=\u00bb0px||||false|false\u00bb custom_padding=\u00bb0px||||false|false\u00bb hover_enabled=\u00bb0&#8243; border_radii=\u00bbon|9px|9px|9px|9px\u00bb border_width_all=\u00bb2px\u00bb border_color_all=\u00bb#7CDA24&#8243; global_colors_info=\u00bb{}\u00bb sticky_enabled=\u00bb0&#8243;][\/et_pb_image][\/et_pb_column][\/et_pb_row][\/et_pb_section]\n","protected":false},"excerpt":{"rendered":"<p>Hist\u00f3rias locais, tradi\u00e7\u00f5es, gastronomia t\u00edpica (mbey\u00fa, chip\u00e1, asado) e a identidade do campo correntino.<\/p>","protected":false},"author":1,"featured_media":0,"comment_status":"open","ping_status":"open","sticky":false,"template":"","format":"standard","meta":{"_et_pb_use_builder":"on","_et_pb_old_content":"","_et_gb_content_width":"","_joinchat":[],"footnotes":""},"categories":[17],"tags":[],"class_list":["post-246","post","type-post","status-publish","format-standard","hentry","category-cultura-y-gastronomia-correntina"],"_links":{"self":[{"href":"https:\/\/nepyruibera.rominacechetto.com\/pt\/wp-json\/wp\/v2\/posts\/246","targetHints":{"allow":["GET"]}}],"collection":[{"href":"https:\/\/nepyruibera.rominacechetto.com\/pt\/wp-json\/wp\/v2\/posts"}],"about":[{"href":"https:\/\/nepyruibera.rominacechetto.com\/pt\/wp-json\/wp\/v2\/types\/post"}],"author":[{"embeddable":true,"href":"https:\/\/nepyruibera.rominacechetto.com\/pt\/wp-json\/wp\/v2\/users\/1"}],"replies":[{"embeddable":true,"href":"https:\/\/nepyruibera.rominacechetto.com\/pt\/wp-json\/wp\/v2\/comments?post=246"}],"version-history":[{"count":8,"href":"https:\/\/nepyruibera.rominacechetto.com\/pt\/wp-json\/wp\/v2\/posts\/246\/revisions"}],"predecessor-version":[{"id":787,"href":"https:\/\/nepyruibera.rominacechetto.com\/pt\/wp-json\/wp\/v2\/posts\/246\/revisions\/787"}],"wp:attachment":[{"href":"https:\/\/nepyruibera.rominacechetto.com\/pt\/wp-json\/wp\/v2\/media?parent=246"}],"wp:term":[{"taxonomy":"category","embeddable":true,"href":"https:\/\/nepyruibera.rominacechetto.com\/pt\/wp-json\/wp\/v2\/categories?post=246"},{"taxonomy":"post_tag","embeddable":true,"href":"https:\/\/nepyruibera.rominacechetto.com\/pt\/wp-json\/wp\/v2\/tags?post=246"}],"curies":[{"name":"wp","href":"https:\/\/api.w.org\/{rel}","templated":true}]}}