{"id":236,"date":"2026-08-18T00:11:40","date_gmt":"2026-08-18T00:11:40","guid":{"rendered":"http:\/\/nepyruibera.rominacechetto.com\/?p=236"},"modified":"2026-08-28T01:30:38","modified_gmt":"2026-08-28T01:30:38","slug":"ibera-un-nuevo-comienzo-en-la-naturaleza","status":"publish","type":"post","link":"https:\/\/nepyruibera.rominacechetto.com\/pt\/ibera-un-nuevo-comienzo-en-la-naturaleza\/","title":{"rendered":"Iber\u00e1: um novo come\u00e7o na natureza"},"content":{"rendered":"<p>[et_pb_section fb_built=\u00bb1&#8243; _builder_version=\u00bb4.27.7&#8243; _module_preset=\u00bbdefault\u00bb global_colors_info=\u00bb{}\u00bb][et_pb_row _builder_version=\u00bb4.27.7&#8243; _module_preset=\u00bbdefault\u00bb global_colors_info=\u00bb{}\u00bb][et_pb_column type=\u00bb4_4&#8243; _builder_version=\u00bb4.27.7&#8243; _module_preset=\u00bbdefault\u00bb global_colors_info=\u00bb{}\u00bb][et_pb_toggle title=\u00bbHistorias del Iber\u00e1\u00bb open_toggle_text_color=\u00bb#036000&#8243; open_toggle_background_color=\u00bbrgba(28,219,114,0.54)\u00bb closed_toggle_text_color=\u00bb#0a510c\u00bb closed_toggle_background_color=\u00bb#17891f\u00bb toggle_icon=\u00bb&#x3f;||divi||400&#8243; use_icon_font_size=\u00bbon\u00bb icon_font_size=\u00bb33px\u00bb open_icon_color=\u00bb#10590f\u00bb _builder_version=\u00bb4.27.7&#8243; _module_preset=\u00bbdefault\u00bb title_text_color=\u00bb#000000&#8243; title_level=\u00bbh1&#8243; title_font=\u00bbDM Serif Display||||||||\u00bb title_font_size=\u00bb29px\u00bb closed_title_font=\u00bbDM Serif Display||||||||\u00bb body_font=\u00bbAveria Serif Libre||||||||\u00bb global_colors_info=\u00bb{}\u00bb]<\/p>\n<h6 style=\"text-align: justify;\">Hay lugares que visitamos y olvidamos con el paso del tiempo. Y hay otros que nos invitan a detenernos, observar y reconectar con lo esencial. Los Esteros del Iber\u00e1 pertenecen a esta segunda categor\u00eda.<\/h6>\n<h6 style=\"text-align: justify;\">En el coraz\u00f3n de la provincia de Corrientes, Argentina, se encuentra uno de los grandes territorios naturales del pa\u00eds: un paisaje de lagunas, esteros, pastizales y montes donde la naturaleza se expresa en toda su diversidad.<\/h6>\n<h6 style=\"text-align: justify;\">Aqu\u00ed, el viaje no consiste solamente en conocer un destino. Es una oportunidad para descubrir una nueva manera de relacionarse con la naturaleza.<\/h6>\n<h2>Un territorio donde la naturaleza es protagonista<\/h2>\n<h6>Los Esteros del Iber\u00e1 forman un extenso humedal caracterizado por una extraordinaria biodiversidad. Carpinchos, yacar\u00e9s, ciervos de los pantanos y numerosas especies de aves encuentran en este territorio un espacio para vivir y desarrollarse.<\/h6>\n<h6>Recorrer el Iber\u00e1 permite observar la fauna en su h\u00e1bitat natural y comprender la importancia de conservar estos ecosistemas.<\/h6>\n<h6>Una navegaci\u00f3n tranquila por sus aguas, un sendero entre los pastizales o simplemente contemplar el atardecer pueden convertirse en momentos \u00fanicos de conexi\u00f3n con el entorno.<\/h6>\n<h2>Viajar para observar, descubrir y conectar<\/h2>\n<h6 style=\"text-align: justify;\">En Iber\u00e1, cada experiencia tiene su propio ritmo.<\/h6>\n<h6 style=\"text-align: justify;\">El silencio de los esteros permite escuchar el canto de las aves. Una navegaci\u00f3n puede convertirse en una oportunidad para observar un carpincho descansando junto al agua. Un encuentro con un yacar\u00e9 permite descubrir de cerca una de las especies m\u00e1s representativas de este ecosistema.<\/h6>\n<h6 style=\"text-align: justify;\">Pero el Iber\u00e1 no se descubre \u00fanicamente con los ojos.<\/h6>\n<h6 style=\"text-align: justify;\">Tambi\u00e9n se descubre a trav\u00e9s de sus paisajes, de su cultura y de las personas que habitan este territorio y contribuyen a mantener vivas sus tradiciones.<\/h6>\n<h6 style=\"text-align: justify;\">Por eso, viajar al Iber\u00e1 significa mucho m\u00e1s que hacer turismo: significa vivir una experiencia aut\u00e9ntica en contacto con un territorio que merece ser conocido y protegido.<\/h6>\n<h2>\u00d1epyr\u0169: un nuevo comienzo<\/h2>\n<h6 style=\"text-align: justify;\">Nuestro nombre nace de una palabra de origen guaran\u00ed: <strong>\u00d1epyr\u0169<\/strong>, que significa <em>nuevo comienzo<\/em>.<\/h6>\n<h6 style=\"text-align: justify;\">Este concepto representa nuestra manera de entender el viaje.<\/h6>\n<h6 style=\"text-align: justify;\">Un nuevo comienzo puede ser descubrir un paisaje por primera vez. Puede ser desconectarse de la rutina durante unos d\u00edas. Puede ser volver a sentir curiosidad por la naturaleza o simplemente encontrar un momento de tranquilidad lejos del ritmo cotidiano.<\/h6>\n<h6 style=\"text-align: justify;\">El Iber\u00e1 nos recuerda que la naturaleza tiene sus propios tiempos y que, muchas veces, necesitamos detenernos para volver a conectar con nosotros mismos y con nuestro entorno.<\/h6>\n<h6 style=\"text-align: justify;\">Por eso, \u00d1epyr\u0169 Iber\u00e1 nace con el prop\u00f3sito de acercar a los viajeros a este territorio de una manera responsable, aut\u00e9ntica y respetuosa.<\/h6>\n<h2>Tu pr\u00f3ximo viaje puede ser m\u00e1s que un viaje<\/h2>\n<h6 style=\"text-align: justify;\">Imaginate despertar rodeado de naturaleza, navegar entre los esteros, observar un carpincho en libertad, descubrir nuevas especies de aves y terminar el d\u00eda contemplando un atardecer sobre el agua.<\/h6>\n<h6 style=\"text-align: justify;\">No se trata solamente de visitar el Iber\u00e1.<\/h6>\n<h6 style=\"text-align: justify;\">Se trata de vivirlo.<\/h6>\n<h6 style=\"text-align: justify;\">De descubrir un territorio \u00fanico, conocer su biodiversidad, acercarse a su cultura y comprender por qu\u00e9 proteger estos espacios es responsabilidad de todos.<\/h6>\n<h6 style=\"text-align: justify;\"><strong>Porque algunos viajes no terminan cuando regresamos a casa.<\/strong><\/h6>\n<h6 style=\"text-align: justify;\">Algunos permanecen en nuestra memoria y nos invitan a mirar el mundo de una manera diferente.<\/h6>\n<h2>\ud83c\udf3f Descubr\u00ed tu nuevo comienzo en la naturaleza<\/h2>\n<h6 style=\"text-align: justify;\">Conoc\u00e9 los Esteros del Iber\u00e1 y encontr\u00e1 una nueva forma de viajar: m\u00e1s consciente, m\u00e1s aut\u00e9ntica y m\u00e1s conectada con la naturaleza.<\/h6>\n<p>&nbsp;<\/p>\n<p>[\/et_pb_toggle][\/et_pb_column][\/et_pb_row][\/et_pb_section]<\/p>\n","protected":false},"excerpt":{"rendered":"<p>Uma jornada pelos mitos, lendas, relatos de ca\u00e7adores transformados em guardas-parques e a mem\u00f3ria viva do povo correntino. Hist\u00f3rias apaixonantes que d\u00e3o vida \u00e0 cultura e \u00e0 identidade dos Esteros del Iber\u00e1.<\/p>","protected":false},"author":1,"featured_media":619,"comment_status":"open","ping_status":"open","sticky":false,"template":"","format":"standard","meta":{"_et_pb_use_builder":"on","_et_pb_old_content":"","_et_gb_content_width":"","_joinchat":[],"footnotes":""},"categories":[22,1],"tags":[],"class_list":["post-236","post","type-post","status-publish","format-standard","has-post-thumbnail","hentry","category-historias-de-ibera","category-uncategorized"],"_links":{"self":[{"href":"https:\/\/nepyruibera.rominacechetto.com\/pt\/wp-json\/wp\/v2\/posts\/236","targetHints":{"allow":["GET"]}}],"collection":[{"href":"https:\/\/nepyruibera.rominacechetto.com\/pt\/wp-json\/wp\/v2\/posts"}],"about":[{"href":"https:\/\/nepyruibera.rominacechetto.com\/pt\/wp-json\/wp\/v2\/types\/post"}],"author":[{"embeddable":true,"href":"https:\/\/nepyruibera.rominacechetto.com\/pt\/wp-json\/wp\/v2\/users\/1"}],"replies":[{"embeddable":true,"href":"https:\/\/nepyruibera.rominacechetto.com\/pt\/wp-json\/wp\/v2\/comments?post=236"}],"version-history":[{"count":5,"href":"https:\/\/nepyruibera.rominacechetto.com\/pt\/wp-json\/wp\/v2\/posts\/236\/revisions"}],"predecessor-version":[{"id":799,"href":"https:\/\/nepyruibera.rominacechetto.com\/pt\/wp-json\/wp\/v2\/posts\/236\/revisions\/799"}],"wp:featuredmedia":[{"embeddable":true,"href":"https:\/\/nepyruibera.rominacechetto.com\/pt\/wp-json\/wp\/v2\/media\/619"}],"wp:attachment":[{"href":"https:\/\/nepyruibera.rominacechetto.com\/pt\/wp-json\/wp\/v2\/media?parent=236"}],"wp:term":[{"taxonomy":"category","embeddable":true,"href":"https:\/\/nepyruibera.rominacechetto.com\/pt\/wp-json\/wp\/v2\/categories?post=236"},{"taxonomy":"post_tag","embeddable":true,"href":"https:\/\/nepyruibera.rominacechetto.com\/pt\/wp-json\/wp\/v2\/tags?post=236"}],"curies":[{"name":"wp","href":"https:\/\/api.w.org\/{rel}","templated":true}]}}